{"id":2005,"date":"2021-01-11T10:31:25","date_gmt":"2021-01-11T09:31:25","guid":{"rendered":"http:\/\/previewcswepion.34.77.92.31.xip.io\/?p=2005"},"modified":"2021-02-19T10:03:37","modified_gmt":"2021-02-19T09:03:37","slug":"stage-de-paques","status":"publish","type":"post","link":"https:\/\/www.footwepion.be\/index.php\/2021\/01\/11\/stage-de-paques\/","title":{"rendered":"12\/04 au 16\/04: Stage de P\u00e2ques"},"content":{"rendered":"\t\t<div data-elementor-type=\"wp-post\" data-elementor-id=\"2005\" class=\"elementor elementor-2005\">\n\t\t\t\t\t\t<div class=\"elementor-inner\">\n\t\t\t\t<div class=\"elementor-section-wrap\">\n\t\t\t\t\t\t\t\t\t<section class=\"elementor-section elementor-top-section elementor-element elementor-element-5ae11f61 elementor-section-boxed elementor-section-height-default elementor-section-height-default\" data-id=\"5ae11f61\" data-element_type=\"section\">\n\t\t\t\t\t\t<div class=\"elementor-container elementor-column-gap-default\">\n\t\t\t\t\t\t\t<div class=\"elementor-row\">\n\t\t\t\t\t<div class=\"elementor-column elementor-col-100 elementor-top-column elementor-element elementor-element-4eedd987\" data-id=\"4eedd987\" data-element_type=\"column\">\n\t\t\t<div class=\"elementor-column-wrap elementor-element-populated\">\n\t\t\t\t\t\t\t<div class=\"elementor-widget-wrap\">\n\t\t\t\t\t\t<div class=\"elementor-element elementor-element-1ca326e elementor-widget elementor-widget-text-editor\" data-id=\"1ca326e\" data-element_type=\"widget\" data-widget_type=\"text-editor.default\">\n\t\t\t\t<div class=\"elementor-widget-container\">\n\t\t\t\t\t\t\t\t<div class=\"elementor-text-editor elementor-clearfix\">\n\t\t\t\t<p><!-- wp:paragraph --><\/p>\n<p><span style=\"vertical-align: inherit;\"><span style=\"vertical-align: inherit;\"><span style=\"vertical-align: inherit;\"><span style=\"vertical-align: inherit;\"><span style=\"vertical-align: inherit;\"><span style=\"vertical-align: inherit;\">Les responsables sportifs du CS W\u00e9pion ont le plaisir de vous confirmer leur stage de P\u00e2ques.<\/span><\/span><\/span><\/span><\/span><\/span><\/p>\n<p><span style=\"vertical-align: inherit;\"><span style=\"vertical-align: inherit;\"><span style=\"vertical-align: inherit;\"><span style=\"vertical-align: inherit;\"><span style=\"vertical-align: inherit;\"><span style=\"vertical-align: inherit;\">Il se d\u00e9roulera du <\/span><\/span><\/span><\/span><\/span><\/span><strong><span style=\"vertical-align: inherit;\"><span style=\"vertical-align: inherit;\"><span style=\"vertical-align: inherit;\"><span style=\"vertical-align: inherit;\"><span style=\"vertical-align: inherit;\"><span style=\"vertical-align: inherit;\">lundi <\/span><\/span><\/span><\/span><\/span><\/span><\/strong> <strong><span style=\"vertical-align: inherit;\"><span style=\"vertical-align: inherit;\"><span style=\"vertical-align: inherit;\"><span style=\"vertical-align: inherit;\"><span style=\"vertical-align: inherit;\"><span style=\"vertical-align: inherit;\">12 au vendredi 16 avril 2021<\/span><\/span><\/span><\/span><\/span><\/span><\/strong><span style=\"vertical-align: inherit;\"><span style=\"vertical-align: inherit;\"><span style=\"vertical-align: inherit;\"><span style=\"vertical-align: inherit;\"><span style=\"vertical-align: inherit;\"><span style=\"vertical-align: inherit;\"> et accueillera des jeunes footballeurs, \u00e0 partir de 6 ans, encadr\u00e9s par des \u00e9ducateurs comp\u00e9tents et sous les r\u00e8gles sanitaires en vigueur.<\/span><\/span><\/span><\/span><\/span><\/span><\/p>\n<p><span style=\"vertical-align: inherit;\"><span style=\"vertical-align: inherit;\"><span style=\"vertical-align: inherit;\"><span style=\"vertical-align: inherit;\"><span style=\"vertical-align: inherit;\"><span style=\"vertical-align: inherit;\">Une garderie sera ouverte chaque jour d\u00e8s 8h00 et jusque 17h00.<\/span><\/span><\/span><\/span><\/span><\/span><\/p>\n<p><span style=\"vertical-align: inherit;\"><span style=\"vertical-align: inherit;\"><span style=\"vertical-align: inherit;\"><span style=\"vertical-align: inherit;\"><span style=\"vertical-align: inherit;\"><span style=\"vertical-align: inherit;\">Le prix du stage est fix\u00e9 \u00e0 <\/span><\/span><\/span><\/span><\/span><\/span><strong><span style=\"vertical-align: inherit;\"><span style=\"vertical-align: inherit;\"><span style=\"vertical-align: inherit;\"><span style=\"vertical-align: inherit;\"><span style=\"vertical-align: inherit;\"><span style=\"vertical-align: inherit;\">125<\/span><\/span><\/span><\/span><\/span><\/span><\/strong><span style=\"vertical-align: inherit;\"><span style=\"vertical-align: inherit;\"><span style=\"vertical-align: inherit;\"><span style=\"vertical-align: inherit;\"><span style=\"vertical-align: inherit;\"><span style=\"vertical-align: inherit;\"> \u20ac (110 \u20ac pour le deuxi\u00e8me enfant).<\/span><\/span><\/span><\/span><\/span><\/span><\/p>\n<p><strong><u><span style=\"vertical-align: inherit;\"><span style=\"vertical-align: inherit;\"><span style=\"vertical-align: inherit;\"><span style=\"vertical-align: inherit;\"><span style=\"vertical-align: inherit;\"><span style=\"vertical-align: inherit;\">Compris<\/span><\/span><\/span><\/span><\/span><\/span><\/u><\/strong><u><span style=\"vertical-align: inherit;\"><span style=\"vertical-align: inherit;\"><span style=\"vertical-align: inherit;\"><span style=\"vertical-align: inherit;\"><span style=\"vertical-align: inherit;\"><span style=\"vertical-align: inherit;\"> \u00a0:<\/span><\/span><\/span><\/span><\/span><\/span><\/u><span style=\"vertical-align: inherit;\"><span style=\"vertical-align: inherit;\"><span style=\"vertical-align: inherit;\"><span style=\"vertical-align: inherit;\"><span style=\"vertical-align: inherit;\"><span style=\"vertical-align: inherit;\"> les collations, les fruits, les boissons et le repas de midi<\/span><\/span><\/span><\/span><\/span><\/span><br \/><strong><span style=\"vertical-align: inherit;\"><span style=\"vertical-align: inherit;\"><span style=\"vertical-align: inherit;\"><span style=\"vertical-align: inherit;\"><span style=\"vertical-align: inherit;\"><span style=\"vertical-align: inherit;\"> (Susceptible d&rsquo;\u00eatre modifi\u00e9 en fonction des recommandations Covid-19)<\/span><\/span><\/span><\/span><\/span><\/span><\/strong><\/p>\n<p><strong><span style=\"vertical-align: inherit;\"><span style=\"vertical-align: inherit;\"><span style=\"vertical-align: inherit;\"><span style=\"vertical-align: inherit;\"><span style=\"vertical-align: inherit;\"><span style=\"vertical-align: inherit;\">Pour tout renseignement:<\/span><\/span><\/span><\/span><\/span><\/span><\/strong><span style=\"vertical-align: inherit;\"><span style=\"vertical-align: inherit;\"><span style=\"vertical-align: inherit;\"><span style=\"vertical-align: inherit;\"><span style=\"vertical-align: inherit;\"><span style=\"vertical-align: inherit;\"> ROELS Benoit au 0474\/89 21 70<\/span><\/span><\/span><\/span><\/span><\/span><\/p>\n<p><strong><u><span style=\"vertical-align: inherit;\"><span style=\"vertical-align: inherit;\"><span style=\"vertical-align: inherit;\"><span style=\"vertical-align: inherit;\"><span style=\"vertical-align: inherit;\"><span style=\"vertical-align: inherit;\">ATTENTION:<\/span><\/span><\/span><\/span><\/span><\/span><\/u><\/strong><span style=\"vertical-align: inherit;\"><span style=\"vertical-align: inherit;\"><span style=\"vertical-align: inherit;\"><span style=\"vertical-align: inherit;\"><span style=\"vertical-align: inherit;\"><span style=\"vertical-align: inherit;\"> L&rsquo;inscription ne sera efficace qu&rsquo;\u00e0 la r\u00e9ception du paiement sur le compte du CS W\u00e9pion<\/span><\/span><\/span><\/span><br \/><span style=\"vertical-align: inherit;\"><span style=\"vertical-align: inherit;\"><span style=\"vertical-align: inherit;\"><span style=\"vertical-align: inherit;\">BE54 0013 1757 0497, en mentionnant le nom de l&rsquo;enfant.<\/span><\/span><\/span><\/span><\/span><\/span><\/p>\n<p><span style=\"vertical-align: inherit;\"><span style=\"vertical-align: inherit;\">\u00a0<\/span><\/span><\/p>\n<p>\u00a0<\/p>\n<p><!-- \/wp:paragraph --><\/p>\t\t\t\t\t<\/div>\n\t\t\t\t\t\t<\/div>\n\t\t\t\t<\/div>\n\t\t\t\t\t\t<\/div>\n\t\t\t\t\t<\/div>\n\t\t<\/div>\n\t\t\t\t\t\t\t\t<\/div>\n\t\t\t\t\t<\/div>\n\t\t<\/section>\n\t\t\t\t\t\t\t\t\t<\/div>\n\t\t\t<\/div>\n\t\t\t\t\t<\/div>\n\t\t","protected":false},"excerpt":{"rendered":"<p>Les responsables sportifs du CS W\u00e9pion ont le plaisir de vous confirmer leur stage de P\u00e2ques. Il se d\u00e9roulera du lundi 12 au vendredi 16 avril 2021 et accueillera des jeunes footballeurs, \u00e0 partir de 6 ans, encadr\u00e9s par des \u00e9ducateurs comp\u00e9tents et sous les r\u00e8gles sanitaires en vigueur. Une garderie sera ouverte chaque jour d\u00e8s 8h00 et jusque 17h00. Le prix du stage est fix\u00e9 \u00e0 125 \u20ac (110 \u20ac pour le deuxi\u00e8me enfant). Compris \u00a0: les collations, les fruits, les boissons et le repas de midi (Susceptible d&rsquo;\u00eatre modifi\u00e9 en fonction des recommandations Covid-19) Pour tout renseignement: ROELS&#8230; <\/p>\n","protected":false},"author":2,"featured_media":2009,"comment_status":"open","ping_status":"open","sticky":false,"template":"","format":"standard","meta":{"footnotes":""},"categories":[19],"tags":[],"class_list":["post-2005","post","type-post","status-publish","format-standard","has-post-thumbnail","hentry","category-stages"],"aioseo_notices":[],"yoast_head":"<!-- This site is optimized with the Yoast SEO plugin v24.2 - https:\/\/yoast.com\/wordpress\/plugins\/seo\/ -->\n<title>12\/04 au 16\/04: Stage de P\u00e2ques - cswepion.be<\/title>\n<meta name=\"robots\" content=\"index, follow, max-snippet:-1, max-image-preview:large, max-video-preview:-1\" \/>\n<link rel=\"canonical\" href=\"https:\/\/www.footwepion.be\/index.php\/2021\/01\/11\/stage-de-paques\/\" \/>\n<meta property=\"og:locale\" content=\"fr_FR\" \/>\n<meta property=\"og:type\" content=\"article\" \/>\n<meta property=\"og:title\" content=\"12\/04 au 16\/04: Stage de P\u00e2ques - cswepion.be\" \/>\n<meta property=\"og:description\" content=\"Les responsables sportifs du CS W\u00e9pion ont le plaisir de vous confirmer leur stage de P\u00e2ques. Il se d\u00e9roulera du lundi 12 au vendredi 16 avril 2021 et accueillera des jeunes footballeurs, \u00e0 partir de 6 ans, encadr\u00e9s par des \u00e9ducateurs comp\u00e9tents et sous les r\u00e8gles sanitaires en vigueur. Une garderie sera ouverte chaque jour d\u00e8s 8h00 et jusque 17h00. Le prix du stage est fix\u00e9 \u00e0 125 \u20ac (110 \u20ac pour le deuxi\u00e8me enfant). Compris \u00a0: les collations, les fruits, les boissons et le repas de midi (Susceptible d&rsquo;\u00eatre modifi\u00e9 en fonction des recommandations Covid-19) Pour tout renseignement: ROELS...\" \/>\n<meta property=\"og:url\" content=\"https:\/\/www.footwepion.be\/index.php\/2021\/01\/11\/stage-de-paques\/\" \/>\n<meta property=\"og:site_name\" content=\"cswepion.be\" \/>\n<meta property=\"article:publisher\" content=\"https:\/\/www.facebook.com\/groups\/643727476030073\" \/>\n<meta property=\"article:published_time\" content=\"2021-01-11T09:31:25+00:00\" \/>\n<meta property=\"article:modified_time\" content=\"2021-02-19T09:03:37+00:00\" \/>\n<meta property=\"og:image\" content=\"https:\/\/www.footwepion.be\/wp-content\/uploads\/2021\/01\/stage-399-287.jpg\" \/>\n\t<meta property=\"og:image:width\" content=\"399\" \/>\n\t<meta property=\"og:image:height\" content=\"287\" \/>\n\t<meta property=\"og:image:type\" content=\"image\/jpeg\" \/>\n<meta name=\"author\" content=\"admin\" \/>\n<meta name=\"twitter:card\" content=\"summary_large_image\" \/>\n<meta name=\"twitter:label1\" content=\"\u00c9crit par\" \/>\n\t<meta name=\"twitter:data1\" content=\"admin\" \/>\n\t<meta name=\"twitter:label2\" content=\"Dur\u00e9e de lecture estim\u00e9e\" \/>\n\t<meta name=\"twitter:data2\" content=\"1 minute\" \/>\n<script type=\"application\/ld+json\" class=\"yoast-schema-graph\">{\"@context\":\"https:\/\/schema.org\",\"@graph\":[{\"@type\":\"Article\",\"@id\":\"https:\/\/www.footwepion.be\/index.php\/2021\/01\/11\/stage-de-paques\/#article\",\"isPartOf\":{\"@id\":\"https:\/\/www.footwepion.be\/index.php\/2021\/01\/11\/stage-de-paques\/\"},\"author\":{\"name\":\"admin\",\"@id\":\"https:\/\/www.footwepion.be\/#\/schema\/person\/7a0f17f91d287ae7cfffb2dc1496b2d0\"},\"headline\":\"12\/04 au 16\/04: Stage de P\u00e2ques\",\"datePublished\":\"2021-01-11T09:31:25+00:00\",\"dateModified\":\"2021-02-19T09:03:37+00:00\",\"mainEntityOfPage\":{\"@id\":\"https:\/\/www.footwepion.be\/index.php\/2021\/01\/11\/stage-de-paques\/\"},\"wordCount\":131,\"commentCount\":0,\"publisher\":{\"@id\":\"https:\/\/www.footwepion.be\/#organization\"},\"image\":{\"@id\":\"https:\/\/www.footwepion.be\/index.php\/2021\/01\/11\/stage-de-paques\/#primaryimage\"},\"thumbnailUrl\":\"https:\/\/www.footwepion.be\/wp-content\/uploads\/2021\/01\/stage-399-287.jpg\",\"articleSection\":[\"Stages\"],\"inLanguage\":\"fr-FR\",\"potentialAction\":[{\"@type\":\"CommentAction\",\"name\":\"Comment\",\"target\":[\"https:\/\/www.footwepion.be\/index.php\/2021\/01\/11\/stage-de-paques\/#respond\"]}]},{\"@type\":\"WebPage\",\"@id\":\"https:\/\/www.footwepion.be\/index.php\/2021\/01\/11\/stage-de-paques\/\",\"url\":\"https:\/\/www.footwepion.be\/index.php\/2021\/01\/11\/stage-de-paques\/\",\"name\":\"12\/04 au 16\/04: Stage de P\u00e2ques - cswepion.be\",\"isPartOf\":{\"@id\":\"https:\/\/www.footwepion.be\/#website\"},\"primaryImageOfPage\":{\"@id\":\"https:\/\/www.footwepion.be\/index.php\/2021\/01\/11\/stage-de-paques\/#primaryimage\"},\"image\":{\"@id\":\"https:\/\/www.footwepion.be\/index.php\/2021\/01\/11\/stage-de-paques\/#primaryimage\"},\"thumbnailUrl\":\"https:\/\/www.footwepion.be\/wp-content\/uploads\/2021\/01\/stage-399-287.jpg\",\"datePublished\":\"2021-01-11T09:31:25+00:00\",\"dateModified\":\"2021-02-19T09:03:37+00:00\",\"breadcrumb\":{\"@id\":\"https:\/\/www.footwepion.be\/index.php\/2021\/01\/11\/stage-de-paques\/#breadcrumb\"},\"inLanguage\":\"fr-FR\",\"potentialAction\":[{\"@type\":\"ReadAction\",\"target\":[\"https:\/\/www.footwepion.be\/index.php\/2021\/01\/11\/stage-de-paques\/\"]}]},{\"@type\":\"ImageObject\",\"inLanguage\":\"fr-FR\",\"@id\":\"https:\/\/www.footwepion.be\/index.php\/2021\/01\/11\/stage-de-paques\/#primaryimage\",\"url\":\"https:\/\/www.footwepion.be\/wp-content\/uploads\/2021\/01\/stage-399-287.jpg\",\"contentUrl\":\"https:\/\/www.footwepion.be\/wp-content\/uploads\/2021\/01\/stage-399-287.jpg\",\"width\":399,\"height\":287},{\"@type\":\"BreadcrumbList\",\"@id\":\"https:\/\/www.footwepion.be\/index.php\/2021\/01\/11\/stage-de-paques\/#breadcrumb\",\"itemListElement\":[{\"@type\":\"ListItem\",\"position\":1,\"name\":\"Accueil\",\"item\":\"https:\/\/www.footwepion.be\/\"},{\"@type\":\"ListItem\",\"position\":2,\"name\":\"12\/04 au 16\/04: Stage de P\u00e2ques\"}]},{\"@type\":\"WebSite\",\"@id\":\"https:\/\/www.footwepion.be\/#website\",\"url\":\"https:\/\/www.footwepion.be\/\",\"name\":\"CS W\u00e9pion\",\"description\":\"\",\"publisher\":{\"@id\":\"https:\/\/www.footwepion.be\/#organization\"},\"potentialAction\":[{\"@type\":\"SearchAction\",\"target\":{\"@type\":\"EntryPoint\",\"urlTemplate\":\"https:\/\/www.footwepion.be\/?s={search_term_string}\"},\"query-input\":{\"@type\":\"PropertyValueSpecification\",\"valueRequired\":true,\"valueName\":\"search_term_string\"}}],\"inLanguage\":\"fr-FR\"},{\"@type\":\"Organization\",\"@id\":\"https:\/\/www.footwepion.be\/#organization\",\"name\":\"Cs W\u00e9pionnaise asbl\",\"url\":\"https:\/\/www.footwepion.be\/\",\"logo\":{\"@type\":\"ImageObject\",\"inLanguage\":\"fr-FR\",\"@id\":\"https:\/\/www.footwepion.be\/#\/schema\/logo\/image\/\",\"url\":\"https:\/\/www.footwepion.be\/wp-content\/uploads\/2021\/01\/download-1.jpg\",\"contentUrl\":\"https:\/\/www.footwepion.be\/wp-content\/uploads\/2021\/01\/download-1.jpg\",\"width\":225,\"height\":225,\"caption\":\"Cs W\u00e9pionnaise asbl\"},\"image\":{\"@id\":\"https:\/\/www.footwepion.be\/#\/schema\/logo\/image\/\"},\"sameAs\":[\"https:\/\/www.facebook.com\/groups\/643727476030073\"]},{\"@type\":\"Person\",\"@id\":\"https:\/\/www.footwepion.be\/#\/schema\/person\/7a0f17f91d287ae7cfffb2dc1496b2d0\",\"name\":\"admin\",\"image\":{\"@type\":\"ImageObject\",\"inLanguage\":\"fr-FR\",\"@id\":\"https:\/\/www.footwepion.be\/#\/schema\/person\/image\/\",\"url\":\"https:\/\/secure.gravatar.com\/avatar\/4f54fe972c54297472a1f75c5843bbbb?s=96&d=mm&r=g\",\"contentUrl\":\"https:\/\/secure.gravatar.com\/avatar\/4f54fe972c54297472a1f75c5843bbbb?s=96&d=mm&r=g\",\"caption\":\"admin\"},\"sameAs\":[\"http:\/\/35.195.137.153\"]}]}<\/script>\n<!-- \/ Yoast SEO plugin. -->","yoast_head_json":{"title":"12\/04 au 16\/04: Stage de P\u00e2ques - cswepion.be","robots":{"index":"index","follow":"follow","max-snippet":"max-snippet:-1","max-image-preview":"max-image-preview:large","max-video-preview":"max-video-preview:-1"},"canonical":"https:\/\/www.footwepion.be\/index.php\/2021\/01\/11\/stage-de-paques\/","og_locale":"fr_FR","og_type":"article","og_title":"12\/04 au 16\/04: Stage de P\u00e2ques - cswepion.be","og_description":"Les responsables sportifs du CS W\u00e9pion ont le plaisir de vous confirmer leur stage de P\u00e2ques. Il se d\u00e9roulera du lundi 12 au vendredi 16 avril 2021 et accueillera des jeunes footballeurs, \u00e0 partir de 6 ans, encadr\u00e9s par des \u00e9ducateurs comp\u00e9tents et sous les r\u00e8gles sanitaires en vigueur. Une garderie sera ouverte chaque jour d\u00e8s 8h00 et jusque 17h00. Le prix du stage est fix\u00e9 \u00e0 125 \u20ac (110 \u20ac pour le deuxi\u00e8me enfant). Compris \u00a0: les collations, les fruits, les boissons et le repas de midi (Susceptible d&rsquo;\u00eatre modifi\u00e9 en fonction des recommandations Covid-19) Pour tout renseignement: ROELS...","og_url":"https:\/\/www.footwepion.be\/index.php\/2021\/01\/11\/stage-de-paques\/","og_site_name":"cswepion.be","article_publisher":"https:\/\/www.facebook.com\/groups\/643727476030073","article_published_time":"2021-01-11T09:31:25+00:00","article_modified_time":"2021-02-19T09:03:37+00:00","og_image":[{"width":399,"height":287,"url":"https:\/\/www.footwepion.be\/wp-content\/uploads\/2021\/01\/stage-399-287.jpg","type":"image\/jpeg"}],"author":"admin","twitter_card":"summary_large_image","twitter_misc":{"\u00c9crit par":"admin","Dur\u00e9e de lecture estim\u00e9e":"1 minute"},"schema":{"@context":"https:\/\/schema.org","@graph":[{"@type":"Article","@id":"https:\/\/www.footwepion.be\/index.php\/2021\/01\/11\/stage-de-paques\/#article","isPartOf":{"@id":"https:\/\/www.footwepion.be\/index.php\/2021\/01\/11\/stage-de-paques\/"},"author":{"name":"admin","@id":"https:\/\/www.footwepion.be\/#\/schema\/person\/7a0f17f91d287ae7cfffb2dc1496b2d0"},"headline":"12\/04 au 16\/04: Stage de P\u00e2ques","datePublished":"2021-01-11T09:31:25+00:00","dateModified":"2021-02-19T09:03:37+00:00","mainEntityOfPage":{"@id":"https:\/\/www.footwepion.be\/index.php\/2021\/01\/11\/stage-de-paques\/"},"wordCount":131,"commentCount":0,"publisher":{"@id":"https:\/\/www.footwepion.be\/#organization"},"image":{"@id":"https:\/\/www.footwepion.be\/index.php\/2021\/01\/11\/stage-de-paques\/#primaryimage"},"thumbnailUrl":"https:\/\/www.footwepion.be\/wp-content\/uploads\/2021\/01\/stage-399-287.jpg","articleSection":["Stages"],"inLanguage":"fr-FR","potentialAction":[{"@type":"CommentAction","name":"Comment","target":["https:\/\/www.footwepion.be\/index.php\/2021\/01\/11\/stage-de-paques\/#respond"]}]},{"@type":"WebPage","@id":"https:\/\/www.footwepion.be\/index.php\/2021\/01\/11\/stage-de-paques\/","url":"https:\/\/www.footwepion.be\/index.php\/2021\/01\/11\/stage-de-paques\/","name":"12\/04 au 16\/04: Stage de P\u00e2ques - cswepion.be","isPartOf":{"@id":"https:\/\/www.footwepion.be\/#website"},"primaryImageOfPage":{"@id":"https:\/\/www.footwepion.be\/index.php\/2021\/01\/11\/stage-de-paques\/#primaryimage"},"image":{"@id":"https:\/\/www.footwepion.be\/index.php\/2021\/01\/11\/stage-de-paques\/#primaryimage"},"thumbnailUrl":"https:\/\/www.footwepion.be\/wp-content\/uploads\/2021\/01\/stage-399-287.jpg","datePublished":"2021-01-11T09:31:25+00:00","dateModified":"2021-02-19T09:03:37+00:00","breadcrumb":{"@id":"https:\/\/www.footwepion.be\/index.php\/2021\/01\/11\/stage-de-paques\/#breadcrumb"},"inLanguage":"fr-FR","potentialAction":[{"@type":"ReadAction","target":["https:\/\/www.footwepion.be\/index.php\/2021\/01\/11\/stage-de-paques\/"]}]},{"@type":"ImageObject","inLanguage":"fr-FR","@id":"https:\/\/www.footwepion.be\/index.php\/2021\/01\/11\/stage-de-paques\/#primaryimage","url":"https:\/\/www.footwepion.be\/wp-content\/uploads\/2021\/01\/stage-399-287.jpg","contentUrl":"https:\/\/www.footwepion.be\/wp-content\/uploads\/2021\/01\/stage-399-287.jpg","width":399,"height":287},{"@type":"BreadcrumbList","@id":"https:\/\/www.footwepion.be\/index.php\/2021\/01\/11\/stage-de-paques\/#breadcrumb","itemListElement":[{"@type":"ListItem","position":1,"name":"Accueil","item":"https:\/\/www.footwepion.be\/"},{"@type":"ListItem","position":2,"name":"12\/04 au 16\/04: Stage de P\u00e2ques"}]},{"@type":"WebSite","@id":"https:\/\/www.footwepion.be\/#website","url":"https:\/\/www.footwepion.be\/","name":"CS W\u00e9pion","description":"","publisher":{"@id":"https:\/\/www.footwepion.be\/#organization"},"potentialAction":[{"@type":"SearchAction","target":{"@type":"EntryPoint","urlTemplate":"https:\/\/www.footwepion.be\/?s={search_term_string}"},"query-input":{"@type":"PropertyValueSpecification","valueRequired":true,"valueName":"search_term_string"}}],"inLanguage":"fr-FR"},{"@type":"Organization","@id":"https:\/\/www.footwepion.be\/#organization","name":"Cs W\u00e9pionnaise asbl","url":"https:\/\/www.footwepion.be\/","logo":{"@type":"ImageObject","inLanguage":"fr-FR","@id":"https:\/\/www.footwepion.be\/#\/schema\/logo\/image\/","url":"https:\/\/www.footwepion.be\/wp-content\/uploads\/2021\/01\/download-1.jpg","contentUrl":"https:\/\/www.footwepion.be\/wp-content\/uploads\/2021\/01\/download-1.jpg","width":225,"height":225,"caption":"Cs W\u00e9pionnaise asbl"},"image":{"@id":"https:\/\/www.footwepion.be\/#\/schema\/logo\/image\/"},"sameAs":["https:\/\/www.facebook.com\/groups\/643727476030073"]},{"@type":"Person","@id":"https:\/\/www.footwepion.be\/#\/schema\/person\/7a0f17f91d287ae7cfffb2dc1496b2d0","name":"admin","image":{"@type":"ImageObject","inLanguage":"fr-FR","@id":"https:\/\/www.footwepion.be\/#\/schema\/person\/image\/","url":"https:\/\/secure.gravatar.com\/avatar\/4f54fe972c54297472a1f75c5843bbbb?s=96&d=mm&r=g","contentUrl":"https:\/\/secure.gravatar.com\/avatar\/4f54fe972c54297472a1f75c5843bbbb?s=96&d=mm&r=g","caption":"admin"},"sameAs":["http:\/\/35.195.137.153"]}]}},"_links":{"self":[{"href":"https:\/\/www.footwepion.be\/index.php\/wp-json\/wp\/v2\/posts\/2005","targetHints":{"allow":["GET"]}}],"collection":[{"href":"https:\/\/www.footwepion.be\/index.php\/wp-json\/wp\/v2\/posts"}],"about":[{"href":"https:\/\/www.footwepion.be\/index.php\/wp-json\/wp\/v2\/types\/post"}],"author":[{"embeddable":true,"href":"https:\/\/www.footwepion.be\/index.php\/wp-json\/wp\/v2\/users\/2"}],"replies":[{"embeddable":true,"href":"https:\/\/www.footwepion.be\/index.php\/wp-json\/wp\/v2\/comments?post=2005"}],"version-history":[{"count":6,"href":"https:\/\/www.footwepion.be\/index.php\/wp-json\/wp\/v2\/posts\/2005\/revisions"}],"predecessor-version":[{"id":2217,"href":"https:\/\/www.footwepion.be\/index.php\/wp-json\/wp\/v2\/posts\/2005\/revisions\/2217"}],"wp:featuredmedia":[{"embeddable":true,"href":"https:\/\/www.footwepion.be\/index.php\/wp-json\/wp\/v2\/media\/2009"}],"wp:attachment":[{"href":"https:\/\/www.footwepion.be\/index.php\/wp-json\/wp\/v2\/media?parent=2005"}],"wp:term":[{"taxonomy":"category","embeddable":true,"href":"https:\/\/www.footwepion.be\/index.php\/wp-json\/wp\/v2\/categories?post=2005"},{"taxonomy":"post_tag","embeddable":true,"href":"https:\/\/www.footwepion.be\/index.php\/wp-json\/wp\/v2\/tags?post=2005"}],"curies":[{"name":"wp","href":"https:\/\/api.w.org\/{rel}","templated":true}]}}